{"id":696,"date":"2026-02-25T14:18:19","date_gmt":"2026-02-25T14:18:19","guid":{"rendered":"http:\/\/localhost:8000\/?p=696"},"modified":"2026-02-25T14:18:19","modified_gmt":"2026-02-25T14:18:19","slug":"zu-besuch-in-der-westend-synagoge","status":"publish","type":"post","link":"https:\/\/zwwa.de\/de\/zu-besuch-in-der-westend-synagoge\/","title":{"rendered":"Zu Besuch in der Westend-Synagoge"},"content":{"rendered":"<div class=\"wpb-content-wrapper\"><p>[vc_row][vc_column][vc_column_text css=&#8220;&#8220;]<strong>Frankfurt am Main<\/strong>\u00a0Im Rahmen des interrelig\u00f6sen Dialogs wurde am 29. Juni die Westend-Synagoge besucht, welche die gr\u00f6\u00dfte Synagoge Frankfurts ist. Die F\u00fchrung wurde von der Liebfrauenkirche Gemeinde organisiert und es haben viele Gemeinden mit gro\u00dfer Freude teilgenommen, darunter auch die ZWWA e.V. Bei der F\u00fchrung wurde auf die Historie und Architektur der Synagoge eingegangen sowie den j\u00fcdischen Glauben. Anschlie\u00dfend konnten alle Teilnehmer die M\u00f6glichkeit nutzen Fragen zu stellen. Wir danken der Liebfrauen Gemeinde f\u00fcr die Organisation und der Westend-Synagoge f\u00fcr die spannende F\u00fchrung. Wir freuen uns schon sehr auf ein baldiges Wiedersehen und auf spannende gemeinsame zuk\u00fcnftige Zusammenarbeit. M\u00f6ge der Herr mit uns allen zufrieden sein.[\/vc_column_text][\/vc_column][\/vc_row]<\/p>\n<\/div>","protected":false},"excerpt":{"rendered":"<p>[vc_row][vc_column][vc_column_text css=&#8220;&#8220;]Frankfurt am Main\u00a0Im Rahmen des interrelig\u00f6sen Dialogs wurde am 29. Juni die Westend-Synagoge besucht, welche die gr\u00f6\u00dfte Synagoge Frankfurts ist. Die F\u00fchrung wurde von der<span class=\"excerpt-hellip\"> [\u2026]<\/span><\/p>\n","protected":false},"author":1,"featured_media":697,"comment_status":"open","ping_status":"open","sticky":false,"template":"","format":"standard","meta":{"footnotes":""},"categories":[3],"tags":[],"class_list":["post-696","post","type-post","status-publish","format-standard","has-post-thumbnail","hentry","category-guencel-haberler"],"_links":{"self":[{"href":"https:\/\/zwwa.de\/de\/wp-json\/wp\/v2\/posts\/696","targetHints":{"allow":["GET"]}}],"collection":[{"href":"https:\/\/zwwa.de\/de\/wp-json\/wp\/v2\/posts"}],"about":[{"href":"https:\/\/zwwa.de\/de\/wp-json\/wp\/v2\/types\/post"}],"author":[{"embeddable":true,"href":"https:\/\/zwwa.de\/de\/wp-json\/wp\/v2\/users\/1"}],"replies":[{"embeddable":true,"href":"https:\/\/zwwa.de\/de\/wp-json\/wp\/v2\/comments?post=696"}],"version-history":[{"count":1,"href":"https:\/\/zwwa.de\/de\/wp-json\/wp\/v2\/posts\/696\/revisions"}],"predecessor-version":[{"id":698,"href":"https:\/\/zwwa.de\/de\/wp-json\/wp\/v2\/posts\/696\/revisions\/698"}],"wp:featuredmedia":[{"embeddable":true,"href":"https:\/\/zwwa.de\/de\/wp-json\/wp\/v2\/media\/697"}],"wp:attachment":[{"href":"https:\/\/zwwa.de\/de\/wp-json\/wp\/v2\/media?parent=696"}],"wp:term":[{"taxonomy":"category","embeddable":true,"href":"https:\/\/zwwa.de\/de\/wp-json\/wp\/v2\/categories?post=696"},{"taxonomy":"post_tag","embeddable":true,"href":"https:\/\/zwwa.de\/de\/wp-json\/wp\/v2\/tags?post=696"}],"curies":[{"name":"wp","href":"https:\/\/api.w.org\/{rel}","templated":true}]}}