{"id":693,"date":"2026-02-25T14:10:55","date_gmt":"2026-02-25T14:10:55","guid":{"rendered":"http:\/\/localhost:8000\/?p=693"},"modified":"2026-02-25T14:10:55","modified_gmt":"2026-02-25T14:10:55","slug":"buchmesse-fur-den-weltfrieden","status":"publish","type":"post","link":"https:\/\/zwwa.de\/de\/buchmesse-fur-den-weltfrieden\/","title":{"rendered":"Buchmesse f\u00fcr den Weltfrieden"},"content":{"rendered":"<div class=\"wpb-content-wrapper\"><p>[vc_row][vc_column][vc_column_text css=&#8220;&#8220;]<strong>Duisburg<\/strong>\u00a0Unser Gr\u00fcnder der ZWWA e.V., der ehrenwerte Dr. Abdulcabbar Boran, hat unsere Freunde gerufen und sie sind alle mit offenen Herzen gekommen. Gott hat unsere Herzen verbunden und uns zu einer heiligen Gemeinschaft derer gemacht, die sich innig lieben, weil sie den Herrn lieben. Die erste internationale, interreligi\u00f6se Buchmesse ist in Duisburg erfolgreich zu Ende gegangen. Die f\u00fcnf religi\u00f6sen Gemeinden, die an der Buchmesse teilgenommen haben, haben ihren Anteil dazu beigetragen zu erkennen, dass es nur eine einzige Religion unseres Herrn mit den drei heiligen B\u00fcchern gibt. Innerhalb dieser Gemeinschaften und Friedensbewegungen sind wunderbare Kontakte gekn\u00fcpft und kommende gemeinsame Projekte geplant worden. Wir bedanken uns an dieser Stelle bei allen Protagonisten, allen Rednern und allen, die dazu beigetragen haben, dass diese Buchmesse erfolgreich zu Ende gegangen ist. M\u00f6ge der Herr mit Ihnen allen zufrieden sein.[\/vc_column_text][\/vc_column][\/vc_row]<\/p>\n<\/div>","protected":false},"excerpt":{"rendered":"<p>[vc_row][vc_column][vc_column_text css=&#8220;&#8220;]Duisburg\u00a0Unser Gr\u00fcnder der ZWWA e.V., der ehrenwerte Dr. Abdulcabbar Boran, hat unsere Freunde gerufen und sie sind alle mit offenen Herzen gekommen. Gott hat unsere<span class=\"excerpt-hellip\"> [\u2026]<\/span><\/p>\n","protected":false},"author":1,"featured_media":694,"comment_status":"open","ping_status":"open","sticky":false,"template":"","format":"standard","meta":{"footnotes":""},"categories":[3],"tags":[],"class_list":["post-693","post","type-post","status-publish","format-standard","has-post-thumbnail","hentry","category-guencel-haberler"],"_links":{"self":[{"href":"https:\/\/zwwa.de\/de\/wp-json\/wp\/v2\/posts\/693","targetHints":{"allow":["GET"]}}],"collection":[{"href":"https:\/\/zwwa.de\/de\/wp-json\/wp\/v2\/posts"}],"about":[{"href":"https:\/\/zwwa.de\/de\/wp-json\/wp\/v2\/types\/post"}],"author":[{"embeddable":true,"href":"https:\/\/zwwa.de\/de\/wp-json\/wp\/v2\/users\/1"}],"replies":[{"embeddable":true,"href":"https:\/\/zwwa.de\/de\/wp-json\/wp\/v2\/comments?post=693"}],"version-history":[{"count":1,"href":"https:\/\/zwwa.de\/de\/wp-json\/wp\/v2\/posts\/693\/revisions"}],"predecessor-version":[{"id":695,"href":"https:\/\/zwwa.de\/de\/wp-json\/wp\/v2\/posts\/693\/revisions\/695"}],"wp:featuredmedia":[{"embeddable":true,"href":"https:\/\/zwwa.de\/de\/wp-json\/wp\/v2\/media\/694"}],"wp:attachment":[{"href":"https:\/\/zwwa.de\/de\/wp-json\/wp\/v2\/media?parent=693"}],"wp:term":[{"taxonomy":"category","embeddable":true,"href":"https:\/\/zwwa.de\/de\/wp-json\/wp\/v2\/categories?post=693"},{"taxonomy":"post_tag","embeddable":true,"href":"https:\/\/zwwa.de\/de\/wp-json\/wp\/v2\/tags?post=693"}],"curies":[{"name":"wp","href":"https:\/\/api.w.org\/{rel}","templated":true}]}}